{"id":736,"date":"2023-03-09T09:45:35","date_gmt":"2023-03-09T08:45:35","guid":{"rendered":"https:\/\/www.potal24.de\/?p=736"},"modified":"2023-03-14T03:49:55","modified_gmt":"2023-03-14T02:49:55","slug":"zafferano-poldina-pro-corten-ein-elegantes-und-robustes-licht-fuer-jeden-bedarf","status":"publish","type":"post","link":"https:\/\/www.potal24.de\/index.php\/2023\/03\/09\/zafferano-poldina-pro-corten-ein-elegantes-und-robustes-licht-fuer-jeden-bedarf\/","title":{"rendered":"Zafferano Poldina Pro Corten &#8211; Ein Elegantes und Robustes Licht f\u00fcr Jeden Bedarf"},"content":{"rendered":"<h2>1. Einleitung<\/h2>\n<p>Wenn es um die Beleuchtung von Innen- und Au\u00dfenbereichen geht, sind viele Faktoren zu ber\u00fccksichtigen. Eine Menge an Funktionalit\u00e4t, Design und Haltbarkeit m\u00fcssen in einer guten Leuchte vereint sein. Dank des Zafferano Poldina Pro Corten k\u00f6nnen alle diese Anforderungen erf\u00fcllt werden.<\/p>\n<h2>2. Design und Technologie<\/h2>\n<p>Das Design von Zafferano Poldina Pro Corten ist schlicht und elegant. In der Mitte der Leuchte befindet sich ein Griff, der sich um 360 Grad drehen l\u00e4sst und dank dessen die Leuchte leicht transportiert werden kann. Die Leuchte ist aus dem Cortenstahlgefertigt, der auf nat\u00fcrliche Weise oxidiert und so auch bei Regenwetter widerstandsf\u00e4hig und rostfrei bleibt.<\/p>\n<p>Zus\u00e4tzlich verf\u00fcgt die Leuchte \u00fcber eine LED-Technologie, die eine l\u00e4ngere Lebensdauer und h\u00f6here Energieeffizienz bietet. Die Lichtintensit\u00e4t ist einstellbar, so dass sie den jeweiligen Bed\u00fcrfnissen angepasst werden kann.<\/p>\n<h2>3. Verwendungsm\u00f6glichkeiten<\/h2>\n<p>Zafferano Poldina Pro Corten bietet zahlreiche Verwendungsm\u00f6glichkeiten &#8211; von der Beleuchtung von Nachttischen bis hin zur Verwendung als mobile Taschenlampe bei n\u00e4chtlichen Ausfl\u00fcgen.<\/p>\n<p>Der Griff kann auch als St\u00e4nder dienen, so dass die Leuchte auf eine ebene Fl\u00e4che gestellt werden kann. So kann die Leuchte beispielsweise als Campinglampe genutzt oder im Garten platziert werden, um eine gem\u00fctliche Atmosph\u00e4re zu schaffen.<\/p>\n<h2><\/h2>\n","protected":false},"excerpt":{"rendered":"<p>1. Einleitung Wenn es um die Beleuchtung von Innen- und Au\u00dfenbereichen geht, sind viele Faktoren zu ber\u00fccksichtigen. Eine Menge an Funktionalit\u00e4t, Design und Haltbarkeit m\u00fcssen in einer guten Leuchte vereint&hellip; <\/p>\n","protected":false},"author":1,"featured_media":1588,"comment_status":"open","ping_status":"open","sticky":false,"template":"","format":"standard","meta":{"footnotes":""},"categories":[17],"tags":[],"class_list":["post-736","post","type-post","status-publish","format-standard","has-post-thumbnail","hentry","category-gesund"],"_links":{"self":[{"href":"https:\/\/www.potal24.de\/index.php\/wp-json\/wp\/v2\/posts\/736","targetHints":{"allow":["GET"]}}],"collection":[{"href":"https:\/\/www.potal24.de\/index.php\/wp-json\/wp\/v2\/posts"}],"about":[{"href":"https:\/\/www.potal24.de\/index.php\/wp-json\/wp\/v2\/types\/post"}],"author":[{"embeddable":true,"href":"https:\/\/www.potal24.de\/index.php\/wp-json\/wp\/v2\/users\/1"}],"replies":[{"embeddable":true,"href":"https:\/\/www.potal24.de\/index.php\/wp-json\/wp\/v2\/comments?post=736"}],"version-history":[{"count":2,"href":"https:\/\/www.potal24.de\/index.php\/wp-json\/wp\/v2\/posts\/736\/revisions"}],"predecessor-version":[{"id":1640,"href":"https:\/\/www.potal24.de\/index.php\/wp-json\/wp\/v2\/posts\/736\/revisions\/1640"}],"wp:featuredmedia":[{"embeddable":true,"href":"https:\/\/www.potal24.de\/index.php\/wp-json\/wp\/v2\/media\/1588"}],"wp:attachment":[{"href":"https:\/\/www.potal24.de\/index.php\/wp-json\/wp\/v2\/media?parent=736"}],"wp:term":[{"taxonomy":"category","embeddable":true,"href":"https:\/\/www.potal24.de\/index.php\/wp-json\/wp\/v2\/categories?post=736"},{"taxonomy":"post_tag","embeddable":true,"href":"https:\/\/www.potal24.de\/index.php\/wp-json\/wp\/v2\/tags?post=736"}],"curies":[{"name":"wp","href":"https:\/\/api.w.org\/{rel}","templated":true}]}}